{"id":338,"date":"2018-05-31T16:18:21","date_gmt":"2018-05-31T16:18:21","guid":{"rendered":"https:\/\/llaollaoweb.live\/?p=338"},"modified":"2019-01-11T12:06:51","modified_gmt":"2019-01-11T12:06:51","slug":"nueva-convencion-llaollao-celebrada-con-nuestros-franquiciados","status":"publish","type":"post","link":"https:\/\/llaollaoweb.live\/es\/nueva-convencion-llaollao-celebrada-con-nuestros-franquiciados\/","title":{"rendered":"Nueva convenci\u00f3n llaollao\u00ae celebrada con nuestros franquiciados"},"content":{"rendered":"<p><strong>El pasado 22 de mayo<\/strong>\u00a0celebramos en Madrid nuestra Convenci\u00f3n Nacional de Franquiciados en Espa\u00f1a reuniendo a todos los miembros del equipo que gestionan el d\u00eda a d\u00eda desde las oficinas centrales con los franquiciados de todas las tiendas de Espa\u00f1a.<\/p>\n<p>La jornada nos sirvi\u00f3 para presentar a nuestro nuevo equipo\u00a0<strong>llaollao<\/strong>, el cual ha sufrido una restructuraci\u00f3n completa con el objetivo de alcanzar todos los retos planteados en nuestro plan estrat\u00e9gico.<\/p>\n<p>A trav\u00e9s de distintas ponencias, relacionadas con el negocio, distintos integrantes de nuestro equipo compartieron con los asistentes los principales logros alcanzados, los proyectos emprendidos en los \u00faltimos a\u00f1os y los que est\u00e1n previstos a corto plazo, los nuevos canales de comunicaci\u00f3n corporativa o las distintas herramientas de fidelizaci\u00f3n que est\u00e1n en marcha.<\/p>\n<p><img loading=\"lazy\" decoding=\"async\" class=\"alignnone size-full wp-image-339\" src=\"https:\/\/llaollaoweb.live\/wp-content\/uploads\/2018\/12\/convencion.png\" alt=\"\" width=\"1200\" height=\"462\" srcset=\"https:\/\/llaollaoweb.live\/wp-content\/uploads\/2018\/12\/convencion.png 1200w, https:\/\/llaollaoweb.live\/wp-content\/uploads\/2018\/12\/convencion-300x116.png 300w, https:\/\/llaollaoweb.live\/wp-content\/uploads\/2018\/12\/convencion-768x296.png 768w, https:\/\/llaollaoweb.live\/wp-content\/uploads\/2018\/12\/convencion-1024x394.png 1024w\" sizes=\"auto, (max-width: 1200px) 100vw, 1200px\" \/><\/p>\n<p>Tambi\u00e9n pudimos hacer un balance econ\u00f3mico del a\u00f1o. Nuestro director de desarrollo de Negocio,\u00a0<strong>I\u00f1igo Mi\u00f1\u00f3n\u00a0<\/strong>se\u00f1al\u00f3 que \u201c<em>la compa\u00f1\u00eda super\u00f3 los 20M\u20ac en 2017 en Espa\u00f1a, lo que se ha traducido en un crecimiento del 10% con respecto al a\u00f1o anterior<\/em>\u201d.<\/p>\n<p>Con respecto a nuestro producto, los datos de 2017 desvelaron que el 63% de las ventas procedieron de las tarrinas, siendo la mediana la que m\u00e1s se vendi\u00f3. Del 37% restante de la carta\u00a0<strong>llaollao<\/strong>, el Sanum lider\u00f3 el ranking de productos m\u00e1s demandados.<\/p>\n<p>En relaci\u00f3n con las tarrinas, en 2017 se registr\u00f3 una venta anual de 2.127.162 unidades de la mediana, 1.828.376 de la peque\u00f1a y 231.729 ejemplares de la grande. La demanda del producto m\u00e1s simb\u00f3lico de llaollao ha crecido un 9%, siendo la tarrina mediana la que m\u00e1s ha crecido el \u00faltimo el a\u00f1o, pasando de 1.896.501 en 2016 a superar los dos millones el pasado a\u00f1o, lo que supone un crecimiento del 12%.<\/p>\n<p>Una de las ponencias clave de la jornada fue la presentaci\u00f3n de nuestro Plan de Marketing para la marca donde pudimos presentar las novedades en las que estamos trabajando desde\u00a0<strong>llaollao<\/strong>, as\u00ed como las mejoras previstas en los puntos de venta; los franquiciados pudieron conocer de primera mano las nuevas l\u00edneas de producto que se estmos desarrollando, as\u00ed como las distintas acciones que se llevar\u00e1n a cabo en los pr\u00f3ximos meses.<\/p>\n<p><strong><u>Ranking llaollao 2017<\/u><\/strong><\/p>\n<p>El encuentro con franquiciados nos sirvi\u00f3 tambi\u00e9n para anunciar nuestras franquicias ganadoras del\u00a0Ranking\u00a0<strong>llaollao<\/strong>\u00a02017.<\/p>\n<p>La ganadora del Ranking 2017 ha sido la franquicia de\u00a0Ja\u00e9n, regentada por\u00a0M\u00aa Jes\u00fas Gonz\u00e1lez y Jos\u00e9 Luis Dacal, que lleva seis a\u00f1os en funcionamiento. Sus responsables destacaron \u201c<em>lo innovador y saludable del producto, as\u00ed como la imagen tan cuidada de la marca<\/em>\u201d; y a\u00f1adieron que \u201c<em>es nuestra primera experiencia como franquiciados, anteriormente hab\u00edamos regentado otros negocios<\/em>\u201d; desde que emprendieron la aventura \u201c<em>se han cumplido todas las expectativas que ten\u00edamos puestas, hasta el punto de que vamos a abrir una segunda tienda<\/em>\u201d, concluyeron.<\/p>\n<p>La tienda en Alcal\u00e1 de Henares en Madrid y en el Centro Comercial Arena en Valencia consiguieron el segundo y tercer puesto del ranking 2017.<\/p>\n","protected":false},"excerpt":{"rendered":"<p>El pasado 22 de mayo\u00a0celebramos en Madrid nuestra Convenci\u00f3n Nacional de Franquiciados en Espa\u00f1a reuniendo a todos los miembros del &hellip; <a href=\"https:\/\/llaollaoweb.live\/es\/nueva-convencion-llaollao-celebrada-con-nuestros-franquiciados\/\" class=\"more-link\">Continue reading <span class=\"screen-reader-text\">Nueva convenci\u00f3n llaollao\u00ae celebrada con nuestros franquiciados<\/span><\/a><\/p>\n","protected":false},"author":1,"featured_media":5318,"comment_status":"open","ping_status":"open","sticky":false,"template":"","format":"standard","meta":{"_acf_changed":false,"footnotes":"","_members_access_role":[],"_members_access_error":""},"categories":[1],"tags":[],"class_list":["post-338","post","type-post","status-publish","format-standard","has-post-thumbnail","hentry","category-sin-categorizar"],"acf":[],"yoast_head":"<!-- This site is optimized with the Yoast SEO plugin v28.4 - https:\/\/yoast.com\/product\/yoast-seo-wordpress\/ -->\n<title>Nueva convenci\u00f3n llaollao\u00ae celebrada con nuestros franquiciados &#8211; llaollao<\/title>\n<meta name=\"robots\" content=\"index, follow, max-snippet:-1, max-image-preview:large, max-video-preview:-1\" \/>\n<meta property=\"og:locale\" content=\"es_ES\" \/>\n<meta property=\"og:type\" content=\"article\" \/>\n<meta property=\"og:title\" content=\"Nueva convenci\u00f3n llaollao\u00ae celebrada con nuestros franquiciados &#8211; llaollao\" \/>\n<meta property=\"og:description\" content=\"El pasado 22 de mayo\u00a0celebramos en Madrid nuestra Convenci\u00f3n Nacional de Franquiciados en Espa\u00f1a reuniendo a todos los miembros del &hellip; Continue reading Nueva convenci\u00f3n llaollao\u00ae celebrada con nuestros franquiciados\" \/>\n<meta property=\"og:url\" content=\"https:\/\/llaollaoweb.live\/es\/nueva-convencion-llaollao-celebrada-con-nuestros-franquiciados\/\" \/>\n<meta property=\"og:site_name\" content=\"llaollao\" \/>\n<meta property=\"article:publisher\" content=\"https:\/\/www.facebook.com\/llaollao\" \/>\n<meta property=\"article:published_time\" content=\"2018-05-31T16:18:21+00:00\" \/>\n<meta property=\"article:modified_time\" content=\"2019-01-11T12:06:51+00:00\" \/>\n<meta property=\"og:image\" content=\"https:\/\/llaollaoweb.live\/wp-content\/uploads\/2018\/05\/Convenci\u00f3n.png\" \/>\n\t<meta property=\"og:image:width\" content=\"1282\" \/>\n\t<meta property=\"og:image:height\" content=\"494\" \/>\n\t<meta property=\"og:image:type\" content=\"image\/png\" \/>\n<meta name=\"author\" content=\"sozpic\" \/>\n<meta name=\"twitter:card\" content=\"summary_large_image\" \/>\n<meta name=\"twitter:creator\" content=\"@llaollao\" \/>\n<meta name=\"twitter:site\" content=\"@llaollao\" \/>\n<meta name=\"twitter:label1\" content=\"Written by\" \/>\n\t<meta name=\"twitter:data1\" content=\"sozpic\" \/>\n\t<meta name=\"twitter:label2\" content=\"Est. reading time\" \/>\n\t<meta name=\"twitter:data2\" content=\"3 minutes\" \/>\n<script type=\"application\/ld+json\" class=\"yoast-schema-graph\">{\"@context\":\"https:\\\/\\\/schema.org\",\"@graph\":[{\"@type\":\"Article\",\"@id\":\"https:\\\/\\\/llaollaoweb.live\\\/es\\\/nueva-convencion-llaollao-celebrada-con-nuestros-franquiciados\\\/#article\",\"isPartOf\":{\"@id\":\"https:\\\/\\\/llaollaoweb.live\\\/es\\\/nueva-convencion-llaollao-celebrada-con-nuestros-franquiciados\\\/\"},\"author\":{\"name\":\"sozpic\",\"@id\":\"https:\\\/\\\/llaollaoweb.live\\\/es\\\/#\\\/schema\\\/person\\\/d4ea9ee9c9a2ac7e6a768cccaf5640e7\"},\"headline\":\"Nueva convenci\u00f3n llaollao\u00ae celebrada con nuestros franquiciados\",\"datePublished\":\"2018-05-31T16:18:21+00:00\",\"dateModified\":\"2019-01-11T12:06:51+00:00\",\"mainEntityOfPage\":{\"@id\":\"https:\\\/\\\/llaollaoweb.live\\\/es\\\/nueva-convencion-llaollao-celebrada-con-nuestros-franquiciados\\\/\"},\"wordCount\":516,\"commentCount\":0,\"publisher\":{\"@id\":\"https:\\\/\\\/llaollaoweb.live\\\/es\\\/#organization\"},\"image\":{\"@id\":\"https:\\\/\\\/llaollaoweb.live\\\/es\\\/nueva-convencion-llaollao-celebrada-con-nuestros-franquiciados\\\/#primaryimage\"},\"thumbnailUrl\":\"https:\\\/\\\/llaollaoweb.live\\\/wp-content\\\/uploads\\\/2018\\\/05\\\/Convenci\u00f3n.png\",\"articleSection\":[\"Sin categorizar\"],\"inLanguage\":\"es\",\"potentialAction\":[{\"@type\":\"CommentAction\",\"name\":\"Comment\",\"target\":[\"https:\\\/\\\/llaollaoweb.live\\\/es\\\/nueva-convencion-llaollao-celebrada-con-nuestros-franquiciados\\\/#respond\"]}]},{\"@type\":\"WebPage\",\"@id\":\"https:\\\/\\\/llaollaoweb.live\\\/es\\\/nueva-convencion-llaollao-celebrada-con-nuestros-franquiciados\\\/\",\"url\":\"https:\\\/\\\/llaollaoweb.live\\\/es\\\/nueva-convencion-llaollao-celebrada-con-nuestros-franquiciados\\\/\",\"name\":\"Nueva convenci\u00f3n llaollao\u00ae celebrada con nuestros franquiciados &#8211; llaollao\",\"isPartOf\":{\"@id\":\"https:\\\/\\\/llaollaoweb.live\\\/es\\\/#website\"},\"primaryImageOfPage\":{\"@id\":\"https:\\\/\\\/llaollaoweb.live\\\/es\\\/nueva-convencion-llaollao-celebrada-con-nuestros-franquiciados\\\/#primaryimage\"},\"image\":{\"@id\":\"https:\\\/\\\/llaollaoweb.live\\\/es\\\/nueva-convencion-llaollao-celebrada-con-nuestros-franquiciados\\\/#primaryimage\"},\"thumbnailUrl\":\"https:\\\/\\\/llaollaoweb.live\\\/wp-content\\\/uploads\\\/2018\\\/05\\\/Convenci\u00f3n.png\",\"datePublished\":\"2018-05-31T16:18:21+00:00\",\"dateModified\":\"2019-01-11T12:06:51+00:00\",\"breadcrumb\":{\"@id\":\"https:\\\/\\\/llaollaoweb.live\\\/es\\\/nueva-convencion-llaollao-celebrada-con-nuestros-franquiciados\\\/#breadcrumb\"},\"inLanguage\":\"es\",\"potentialAction\":[{\"@type\":\"ReadAction\",\"target\":[\"https:\\\/\\\/llaollaoweb.live\\\/es\\\/nueva-convencion-llaollao-celebrada-con-nuestros-franquiciados\\\/\"]}]},{\"@type\":\"ImageObject\",\"inLanguage\":\"es\",\"@id\":\"https:\\\/\\\/llaollaoweb.live\\\/es\\\/nueva-convencion-llaollao-celebrada-con-nuestros-franquiciados\\\/#primaryimage\",\"url\":\"https:\\\/\\\/llaollaoweb.live\\\/wp-content\\\/uploads\\\/2018\\\/05\\\/Convenci\u00f3n.png\",\"contentUrl\":\"https:\\\/\\\/llaollaoweb.live\\\/wp-content\\\/uploads\\\/2018\\\/05\\\/Convenci\u00f3n.png\",\"width\":1282,\"height\":494},{\"@type\":\"BreadcrumbList\",\"@id\":\"https:\\\/\\\/llaollaoweb.live\\\/es\\\/nueva-convencion-llaollao-celebrada-con-nuestros-franquiciados\\\/#breadcrumb\",\"itemListElement\":[{\"@type\":\"ListItem\",\"position\":1,\"name\":\"Portada\",\"item\":\"https:\\\/\\\/llaollaoweb.live\\\/es\\\/\"},{\"@type\":\"ListItem\",\"position\":2,\"name\":\"Nueva convenci\u00f3n llaollao\u00ae celebrada con nuestros franquiciados\"}]},{\"@type\":\"WebSite\",\"@id\":\"https:\\\/\\\/llaollaoweb.live\\\/es\\\/#website\",\"url\":\"https:\\\/\\\/llaollaoweb.live\\\/es\\\/\",\"name\":\"llaollao\",\"description\":\"Natural Frozen Yogurt.\",\"publisher\":{\"@id\":\"https:\\\/\\\/llaollaoweb.live\\\/es\\\/#organization\"},\"potentialAction\":[{\"@type\":\"SearchAction\",\"target\":{\"@type\":\"EntryPoint\",\"urlTemplate\":\"https:\\\/\\\/llaollaoweb.live\\\/es\\\/?s={search_term_string}\"},\"query-input\":{\"@type\":\"PropertyValueSpecification\",\"valueRequired\":true,\"valueName\":\"search_term_string\"}}],\"inLanguage\":\"es\"},{\"@type\":\"Organization\",\"@id\":\"https:\\\/\\\/llaollaoweb.live\\\/es\\\/#organization\",\"name\":\"llaollao\",\"url\":\"https:\\\/\\\/llaollaoweb.live\\\/es\\\/\",\"logo\":{\"@type\":\"ImageObject\",\"inLanguage\":\"es\",\"@id\":\"https:\\\/\\\/llaollaoweb.live\\\/es\\\/#\\\/schema\\\/logo\\\/image\\\/\",\"url\":\"https:\\\/\\\/llaollaoweb.live\\\/wp-content\\\/uploads\\\/2018\\\/11\\\/logo.png\",\"contentUrl\":\"https:\\\/\\\/llaollaoweb.live\\\/wp-content\\\/uploads\\\/2018\\\/11\\\/logo.png\",\"width\":190,\"height\":90,\"caption\":\"llaollao\"},\"image\":{\"@id\":\"https:\\\/\\\/llaollaoweb.live\\\/es\\\/#\\\/schema\\\/logo\\\/image\\\/\"},\"sameAs\":[\"https:\\\/\\\/www.facebook.com\\\/llaollao\",\"https:\\\/\\\/x.com\\\/llaollao\",\"https:\\\/\\\/www.instagram.com\\\/llaollao\\\/\",\"https:\\\/\\\/www.youtube.com\\\/user\\\/llaollaoYogurt\"]},{\"@type\":\"Person\",\"@id\":\"https:\\\/\\\/llaollaoweb.live\\\/es\\\/#\\\/schema\\\/person\\\/d4ea9ee9c9a2ac7e6a768cccaf5640e7\",\"name\":\"sozpic\",\"image\":{\"@type\":\"ImageObject\",\"inLanguage\":\"es\",\"@id\":\"https:\\\/\\\/secure.gravatar.com\\\/avatar\\\/802174aab1cbae5f218211cbaea57eb4ddf0cbee3ddd2bc207c0d1df17c296a2?s=96&d=mm&r=g\",\"url\":\"https:\\\/\\\/secure.gravatar.com\\\/avatar\\\/802174aab1cbae5f218211cbaea57eb4ddf0cbee3ddd2bc207c0d1df17c296a2?s=96&d=mm&r=g\",\"contentUrl\":\"https:\\\/\\\/secure.gravatar.com\\\/avatar\\\/802174aab1cbae5f218211cbaea57eb4ddf0cbee3ddd2bc207c0d1df17c296a2?s=96&d=mm&r=g\",\"caption\":\"sozpic\"}}]}<\/script>\n<!-- \/ Yoast SEO plugin. -->","yoast_head_json":{"title":"Nueva convenci\u00f3n llaollao\u00ae celebrada con nuestros franquiciados &#8211; llaollao","robots":{"index":"index","follow":"follow","max-snippet":"max-snippet:-1","max-image-preview":"max-image-preview:large","max-video-preview":"max-video-preview:-1"},"og_locale":"es_ES","og_type":"article","og_title":"Nueva convenci\u00f3n llaollao\u00ae celebrada con nuestros franquiciados &#8211; llaollao","og_description":"El pasado 22 de mayo\u00a0celebramos en Madrid nuestra Convenci\u00f3n Nacional de Franquiciados en Espa\u00f1a reuniendo a todos los miembros del &hellip; Continue reading Nueva convenci\u00f3n llaollao\u00ae celebrada con nuestros franquiciados","og_url":"https:\/\/llaollaoweb.live\/es\/nueva-convencion-llaollao-celebrada-con-nuestros-franquiciados\/","og_site_name":"llaollao","article_publisher":"https:\/\/www.facebook.com\/llaollao","article_published_time":"2018-05-31T16:18:21+00:00","article_modified_time":"2019-01-11T12:06:51+00:00","og_image":[{"width":1282,"height":494,"url":"https:\/\/llaollaoweb.live\/wp-content\/uploads\/2018\/05\/Convenci\u00f3n.png","type":"image\/png"}],"author":"sozpic","twitter_card":"summary_large_image","twitter_creator":"@llaollao","twitter_site":"@llaollao","twitter_misc":{"Written by":"sozpic","Est. reading time":"3 minutes"},"schema":{"@context":"https:\/\/schema.org","@graph":[{"@type":"Article","@id":"https:\/\/llaollaoweb.live\/es\/nueva-convencion-llaollao-celebrada-con-nuestros-franquiciados\/#article","isPartOf":{"@id":"https:\/\/llaollaoweb.live\/es\/nueva-convencion-llaollao-celebrada-con-nuestros-franquiciados\/"},"author":{"name":"sozpic","@id":"https:\/\/llaollaoweb.live\/es\/#\/schema\/person\/d4ea9ee9c9a2ac7e6a768cccaf5640e7"},"headline":"Nueva convenci\u00f3n llaollao\u00ae celebrada con nuestros franquiciados","datePublished":"2018-05-31T16:18:21+00:00","dateModified":"2019-01-11T12:06:51+00:00","mainEntityOfPage":{"@id":"https:\/\/llaollaoweb.live\/es\/nueva-convencion-llaollao-celebrada-con-nuestros-franquiciados\/"},"wordCount":516,"commentCount":0,"publisher":{"@id":"https:\/\/llaollaoweb.live\/es\/#organization"},"image":{"@id":"https:\/\/llaollaoweb.live\/es\/nueva-convencion-llaollao-celebrada-con-nuestros-franquiciados\/#primaryimage"},"thumbnailUrl":"https:\/\/llaollaoweb.live\/wp-content\/uploads\/2018\/05\/Convenci\u00f3n.png","articleSection":["Sin categorizar"],"inLanguage":"es","potentialAction":[{"@type":"CommentAction","name":"Comment","target":["https:\/\/llaollaoweb.live\/es\/nueva-convencion-llaollao-celebrada-con-nuestros-franquiciados\/#respond"]}]},{"@type":"WebPage","@id":"https:\/\/llaollaoweb.live\/es\/nueva-convencion-llaollao-celebrada-con-nuestros-franquiciados\/","url":"https:\/\/llaollaoweb.live\/es\/nueva-convencion-llaollao-celebrada-con-nuestros-franquiciados\/","name":"Nueva convenci\u00f3n llaollao\u00ae celebrada con nuestros franquiciados &#8211; llaollao","isPartOf":{"@id":"https:\/\/llaollaoweb.live\/es\/#website"},"primaryImageOfPage":{"@id":"https:\/\/llaollaoweb.live\/es\/nueva-convencion-llaollao-celebrada-con-nuestros-franquiciados\/#primaryimage"},"image":{"@id":"https:\/\/llaollaoweb.live\/es\/nueva-convencion-llaollao-celebrada-con-nuestros-franquiciados\/#primaryimage"},"thumbnailUrl":"https:\/\/llaollaoweb.live\/wp-content\/uploads\/2018\/05\/Convenci\u00f3n.png","datePublished":"2018-05-31T16:18:21+00:00","dateModified":"2019-01-11T12:06:51+00:00","breadcrumb":{"@id":"https:\/\/llaollaoweb.live\/es\/nueva-convencion-llaollao-celebrada-con-nuestros-franquiciados\/#breadcrumb"},"inLanguage":"es","potentialAction":[{"@type":"ReadAction","target":["https:\/\/llaollaoweb.live\/es\/nueva-convencion-llaollao-celebrada-con-nuestros-franquiciados\/"]}]},{"@type":"ImageObject","inLanguage":"es","@id":"https:\/\/llaollaoweb.live\/es\/nueva-convencion-llaollao-celebrada-con-nuestros-franquiciados\/#primaryimage","url":"https:\/\/llaollaoweb.live\/wp-content\/uploads\/2018\/05\/Convenci\u00f3n.png","contentUrl":"https:\/\/llaollaoweb.live\/wp-content\/uploads\/2018\/05\/Convenci\u00f3n.png","width":1282,"height":494},{"@type":"BreadcrumbList","@id":"https:\/\/llaollaoweb.live\/es\/nueva-convencion-llaollao-celebrada-con-nuestros-franquiciados\/#breadcrumb","itemListElement":[{"@type":"ListItem","position":1,"name":"Portada","item":"https:\/\/llaollaoweb.live\/es\/"},{"@type":"ListItem","position":2,"name":"Nueva convenci\u00f3n llaollao\u00ae celebrada con nuestros franquiciados"}]},{"@type":"WebSite","@id":"https:\/\/llaollaoweb.live\/es\/#website","url":"https:\/\/llaollaoweb.live\/es\/","name":"llaollao","description":"Natural Frozen Yogurt.","publisher":{"@id":"https:\/\/llaollaoweb.live\/es\/#organization"},"potentialAction":[{"@type":"SearchAction","target":{"@type":"EntryPoint","urlTemplate":"https:\/\/llaollaoweb.live\/es\/?s={search_term_string}"},"query-input":{"@type":"PropertyValueSpecification","valueRequired":true,"valueName":"search_term_string"}}],"inLanguage":"es"},{"@type":"Organization","@id":"https:\/\/llaollaoweb.live\/es\/#organization","name":"llaollao","url":"https:\/\/llaollaoweb.live\/es\/","logo":{"@type":"ImageObject","inLanguage":"es","@id":"https:\/\/llaollaoweb.live\/es\/#\/schema\/logo\/image\/","url":"https:\/\/llaollaoweb.live\/wp-content\/uploads\/2018\/11\/logo.png","contentUrl":"https:\/\/llaollaoweb.live\/wp-content\/uploads\/2018\/11\/logo.png","width":190,"height":90,"caption":"llaollao"},"image":{"@id":"https:\/\/llaollaoweb.live\/es\/#\/schema\/logo\/image\/"},"sameAs":["https:\/\/www.facebook.com\/llaollao","https:\/\/x.com\/llaollao","https:\/\/www.instagram.com\/llaollao\/","https:\/\/www.youtube.com\/user\/llaollaoYogurt"]},{"@type":"Person","@id":"https:\/\/llaollaoweb.live\/es\/#\/schema\/person\/d4ea9ee9c9a2ac7e6a768cccaf5640e7","name":"sozpic","image":{"@type":"ImageObject","inLanguage":"es","@id":"https:\/\/secure.gravatar.com\/avatar\/802174aab1cbae5f218211cbaea57eb4ddf0cbee3ddd2bc207c0d1df17c296a2?s=96&d=mm&r=g","url":"https:\/\/secure.gravatar.com\/avatar\/802174aab1cbae5f218211cbaea57eb4ddf0cbee3ddd2bc207c0d1df17c296a2?s=96&d=mm&r=g","contentUrl":"https:\/\/secure.gravatar.com\/avatar\/802174aab1cbae5f218211cbaea57eb4ddf0cbee3ddd2bc207c0d1df17c296a2?s=96&d=mm&r=g","caption":"sozpic"}}]}},"_links":{"self":[{"href":"https:\/\/llaollaoweb.live\/es\/wp-json\/wp\/v2\/posts\/338","targetHints":{"allow":["GET"]}}],"collection":[{"href":"https:\/\/llaollaoweb.live\/es\/wp-json\/wp\/v2\/posts"}],"about":[{"href":"https:\/\/llaollaoweb.live\/es\/wp-json\/wp\/v2\/types\/post"}],"author":[{"embeddable":true,"href":"https:\/\/llaollaoweb.live\/es\/wp-json\/wp\/v2\/users\/1"}],"replies":[{"embeddable":true,"href":"https:\/\/llaollaoweb.live\/es\/wp-json\/wp\/v2\/comments?post=338"}],"version-history":[{"count":2,"href":"https:\/\/llaollaoweb.live\/es\/wp-json\/wp\/v2\/posts\/338\/revisions"}],"predecessor-version":[{"id":5322,"href":"https:\/\/llaollaoweb.live\/es\/wp-json\/wp\/v2\/posts\/338\/revisions\/5322"}],"wp:featuredmedia":[{"embeddable":true,"href":"https:\/\/llaollaoweb.live\/es\/wp-json\/wp\/v2\/media\/5318"}],"wp:attachment":[{"href":"https:\/\/llaollaoweb.live\/es\/wp-json\/wp\/v2\/media?parent=338"}],"wp:term":[{"taxonomy":"category","embeddable":true,"href":"https:\/\/llaollaoweb.live\/es\/wp-json\/wp\/v2\/categories?post=338"},{"taxonomy":"post_tag","embeddable":true,"href":"https:\/\/llaollaoweb.live\/es\/wp-json\/wp\/v2\/tags?post=338"}],"curies":[{"name":"wp","href":"https:\/\/api.w.org\/{rel}","templated":true}]}}