{"id":3582,"date":"2018-02-02T15:30:20","date_gmt":"2018-02-02T15:30:20","guid":{"rendered":"https:\/\/llaollaoweb.live\/?p=3582"},"modified":"2018-12-19T15:31:46","modified_gmt":"2018-12-19T15:31:46","slug":"en-llaollao-continuamos-nuestra-expansion-por-latinoamerica-y-abrimos-nuestra-primera-tienda-en-ecuador","status":"publish","type":"post","link":"https:\/\/llaollaoweb.live\/es\/en-llaollao-continuamos-nuestra-expansion-por-latinoamerica-y-abrimos-nuestra-primera-tienda-en-ecuador\/","title":{"rendered":"En llaollao\u00ae continuamos nuestra expansi\u00f3n por Latinoam\u00e9rica y abrimos nuestra primera tienda en Ecuador"},"content":{"rendered":"<p style=\"font-weight: 400;\"><span style=\"font-style: inherit; font-weight: inherit;\" data-mce-mark=\"1\">En\u00a0<strong style=\"font-style: inherit;\">llaollao<\/strong>\u00a0seguimos de celebraci\u00f3n y en esta ocasi\u00f3n queremos presentar la incorporaci\u00f3n de un nuevo pa\u00eds a nuestra familia. Comenzamos el a\u00f1o aumentando nuestra presencia internacional tras la apertura de nuestra primera tienda en\u00a0<strong style=\"font-style: inherit;\">Ecuador<\/strong>, un mercado que nos permitir\u00e1 consolidar nuestra presencia y expandir, a\u00fan m\u00e1s, la filosof\u00eda del frozen yogurt en Am\u00e9rica Latina.<\/span><\/p>\n<p style=\"font-weight: 400;\">\n<p style=\"font-weight: 400;\"><span style=\"font-style: inherit; font-weight: inherit;\" data-mce-mark=\"1\">Tras haber estudiado y valorado varias opciones para abrir esta primera tienda en Ecuador, hemos apostado por situarlo en\u00a0<strong style=\"font-style: inherit;\">Guayaquil<\/strong>, concretamente en el Centro Comercial San Marino. Nuestra llegada al mercado ecuatoriano estaba prevista desde el pasado mes de Marzo cuando se consigui\u00f3 la firma de un master franquicia en este pa\u00eds.<\/span><\/p>\n<p style=\"font-weight: 400;\">\n<p style=\"font-weight: 400;\"><span style=\"font-style: inherit; font-weight: inherit;\" data-mce-mark=\"1\">Uno de los factores clave en Ecuador es que la demanda de yogurt helado \u201c<em style=\"font-weight: inherit;\">ha experimentado un boom en los \u00faltimo a\u00f1os<\/em>\u201d, cuenta Espinosa. Los ecuatorianos \u201c<em style=\"font-weight: inherit;\">ven este producto como un aperitivo saludable para comer, en especial por las tardes y por las noches<\/em>\u201d, a\u00f1ade.<\/span><\/p>\n<p style=\"font-weight: 400;\">\n<p style=\"font-weight: 400;\"><span style=\"font-style: inherit; font-weight: inherit;\">Con la apertura de Ecuador, ya son cuatro los pa\u00edses de Am\u00e9rica Latina en los que\u00a0<strong style=\"font-style: inherit;\">llaollao<\/strong>\u00a0est\u00e1 presente. Un \u00e1rea geogr\u00e1fica con much\u00edsimo potencial ya que \u201c<em style=\"font-weight: inherit;\">tenemos una cultura y tradiciones gastron\u00f3micas muy similares<\/em>\u201d, comenta\u00a0<strong style=\"font-style: inherit;\">Espinosa<\/strong>, y, adem\u00e1s,\u00a0\u201c<em style=\"font-weight: inherit;\">los latinoamericanos valoran mucho la calidad espa\u00f1ola, lo que situa nuestro producto en una situaci\u00f3n ventajosa<\/em>\u201d, concluye.<\/span><\/p>\n","protected":false},"excerpt":{"rendered":"<p>En\u00a0llaollao\u00a0seguimos de celebraci\u00f3n y en esta ocasi\u00f3n queremos presentar la incorporaci\u00f3n de un nuevo pa\u00eds a nuestra familia. Comenzamos el &hellip; <a href=\"https:\/\/llaollaoweb.live\/es\/en-llaollao-continuamos-nuestra-expansion-por-latinoamerica-y-abrimos-nuestra-primera-tienda-en-ecuador\/\" class=\"more-link\">Continue reading <span class=\"screen-reader-text\">En llaollao\u00ae continuamos nuestra expansi\u00f3n por Latinoam\u00e9rica y abrimos nuestra primera tienda en Ecuador<\/span><\/a><\/p>\n","protected":false},"author":1,"featured_media":3587,"comment_status":"open","ping_status":"open","sticky":false,"template":"","format":"standard","meta":{"_acf_changed":false,"footnotes":"","_members_access_role":[],"_members_access_error":""},"categories":[1],"tags":[],"class_list":["post-3582","post","type-post","status-publish","format-standard","has-post-thumbnail","hentry","category-sin-categorizar"],"acf":[],"yoast_head":"<!-- This site is optimized with the Yoast SEO plugin v28.4 - https:\/\/yoast.com\/product\/yoast-seo-wordpress\/ -->\n<title>En llaollao\u00ae continuamos nuestra expansi\u00f3n por Latinoam\u00e9rica y abrimos nuestra primera tienda en Ecuador &#8211; llaollao<\/title>\n<meta name=\"robots\" content=\"index, follow, max-snippet:-1, max-image-preview:large, max-video-preview:-1\" \/>\n<meta property=\"og:locale\" content=\"es_ES\" \/>\n<meta property=\"og:type\" content=\"article\" \/>\n<meta property=\"og:title\" content=\"En llaollao\u00ae continuamos nuestra expansi\u00f3n por Latinoam\u00e9rica y abrimos nuestra primera tienda en Ecuador &#8211; llaollao\" \/>\n<meta property=\"og:description\" content=\"En\u00a0llaollao\u00a0seguimos de celebraci\u00f3n y en esta ocasi\u00f3n queremos presentar la incorporaci\u00f3n de un nuevo pa\u00eds a nuestra familia. Comenzamos el &hellip; Continue reading En llaollao\u00ae continuamos nuestra expansi\u00f3n por Latinoam\u00e9rica y abrimos nuestra primera tienda en Ecuador\" \/>\n<meta property=\"og:url\" content=\"https:\/\/llaollaoweb.live\/es\/en-llaollao-continuamos-nuestra-expansion-por-latinoamerica-y-abrimos-nuestra-primera-tienda-en-ecuador\/\" \/>\n<meta property=\"og:site_name\" content=\"llaollao\" \/>\n<meta property=\"article:publisher\" content=\"https:\/\/www.facebook.com\/llaollao\" \/>\n<meta property=\"article:published_time\" content=\"2018-02-02T15:30:20+00:00\" \/>\n<meta property=\"article:modified_time\" content=\"2018-12-19T15:31:46+00:00\" \/>\n<meta property=\"og:image\" content=\"https:\/\/llaollaoweb.live\/wp-content\/uploads\/2018\/12\/ecuador1.jpg\" \/>\n\t<meta property=\"og:image:width\" content=\"640\" \/>\n\t<meta property=\"og:image:height\" content=\"480\" \/>\n\t<meta property=\"og:image:type\" content=\"image\/jpeg\" \/>\n<meta name=\"author\" content=\"sozpic\" \/>\n<meta name=\"twitter:card\" content=\"summary_large_image\" \/>\n<meta name=\"twitter:creator\" content=\"@llaollao\" \/>\n<meta name=\"twitter:site\" content=\"@llaollao\" \/>\n<meta name=\"twitter:label1\" content=\"Written by\" \/>\n\t<meta name=\"twitter:data1\" content=\"sozpic\" \/>\n\t<meta name=\"twitter:label2\" content=\"Est. reading time\" \/>\n\t<meta name=\"twitter:data2\" content=\"1 minute\" \/>\n<script type=\"application\/ld+json\" class=\"yoast-schema-graph\">{\"@context\":\"https:\\\/\\\/schema.org\",\"@graph\":[{\"@type\":\"Article\",\"@id\":\"https:\\\/\\\/llaollaoweb.live\\\/es\\\/en-llaollao-continuamos-nuestra-expansion-por-latinoamerica-y-abrimos-nuestra-primera-tienda-en-ecuador\\\/#article\",\"isPartOf\":{\"@id\":\"https:\\\/\\\/llaollaoweb.live\\\/es\\\/en-llaollao-continuamos-nuestra-expansion-por-latinoamerica-y-abrimos-nuestra-primera-tienda-en-ecuador\\\/\"},\"author\":{\"name\":\"sozpic\",\"@id\":\"https:\\\/\\\/llaollaoweb.live\\\/es\\\/#\\\/schema\\\/person\\\/d4ea9ee9c9a2ac7e6a768cccaf5640e7\"},\"headline\":\"En llaollao\u00ae continuamos nuestra expansi\u00f3n por Latinoam\u00e9rica y abrimos nuestra primera tienda en Ecuador\",\"datePublished\":\"2018-02-02T15:30:20+00:00\",\"dateModified\":\"2018-12-19T15:31:46+00:00\",\"mainEntityOfPage\":{\"@id\":\"https:\\\/\\\/llaollaoweb.live\\\/es\\\/en-llaollao-continuamos-nuestra-expansion-por-latinoamerica-y-abrimos-nuestra-primera-tienda-en-ecuador\\\/\"},\"wordCount\":245,\"commentCount\":0,\"publisher\":{\"@id\":\"https:\\\/\\\/llaollaoweb.live\\\/es\\\/#organization\"},\"image\":{\"@id\":\"https:\\\/\\\/llaollaoweb.live\\\/es\\\/en-llaollao-continuamos-nuestra-expansion-por-latinoamerica-y-abrimos-nuestra-primera-tienda-en-ecuador\\\/#primaryimage\"},\"thumbnailUrl\":\"https:\\\/\\\/llaollaoweb.live\\\/wp-content\\\/uploads\\\/2018\\\/12\\\/ecuador1.jpg\",\"articleSection\":[\"Sin categorizar\"],\"inLanguage\":\"es\",\"potentialAction\":[{\"@type\":\"CommentAction\",\"name\":\"Comment\",\"target\":[\"https:\\\/\\\/llaollaoweb.live\\\/es\\\/en-llaollao-continuamos-nuestra-expansion-por-latinoamerica-y-abrimos-nuestra-primera-tienda-en-ecuador\\\/#respond\"]}]},{\"@type\":\"WebPage\",\"@id\":\"https:\\\/\\\/llaollaoweb.live\\\/es\\\/en-llaollao-continuamos-nuestra-expansion-por-latinoamerica-y-abrimos-nuestra-primera-tienda-en-ecuador\\\/\",\"url\":\"https:\\\/\\\/llaollaoweb.live\\\/es\\\/en-llaollao-continuamos-nuestra-expansion-por-latinoamerica-y-abrimos-nuestra-primera-tienda-en-ecuador\\\/\",\"name\":\"En llaollao\u00ae continuamos nuestra expansi\u00f3n por Latinoam\u00e9rica y abrimos nuestra primera tienda en Ecuador &#8211; llaollao\",\"isPartOf\":{\"@id\":\"https:\\\/\\\/llaollaoweb.live\\\/es\\\/#website\"},\"primaryImageOfPage\":{\"@id\":\"https:\\\/\\\/llaollaoweb.live\\\/es\\\/en-llaollao-continuamos-nuestra-expansion-por-latinoamerica-y-abrimos-nuestra-primera-tienda-en-ecuador\\\/#primaryimage\"},\"image\":{\"@id\":\"https:\\\/\\\/llaollaoweb.live\\\/es\\\/en-llaollao-continuamos-nuestra-expansion-por-latinoamerica-y-abrimos-nuestra-primera-tienda-en-ecuador\\\/#primaryimage\"},\"thumbnailUrl\":\"https:\\\/\\\/llaollaoweb.live\\\/wp-content\\\/uploads\\\/2018\\\/12\\\/ecuador1.jpg\",\"datePublished\":\"2018-02-02T15:30:20+00:00\",\"dateModified\":\"2018-12-19T15:31:46+00:00\",\"breadcrumb\":{\"@id\":\"https:\\\/\\\/llaollaoweb.live\\\/es\\\/en-llaollao-continuamos-nuestra-expansion-por-latinoamerica-y-abrimos-nuestra-primera-tienda-en-ecuador\\\/#breadcrumb\"},\"inLanguage\":\"es\",\"potentialAction\":[{\"@type\":\"ReadAction\",\"target\":[\"https:\\\/\\\/llaollaoweb.live\\\/es\\\/en-llaollao-continuamos-nuestra-expansion-por-latinoamerica-y-abrimos-nuestra-primera-tienda-en-ecuador\\\/\"]}]},{\"@type\":\"ImageObject\",\"inLanguage\":\"es\",\"@id\":\"https:\\\/\\\/llaollaoweb.live\\\/es\\\/en-llaollao-continuamos-nuestra-expansion-por-latinoamerica-y-abrimos-nuestra-primera-tienda-en-ecuador\\\/#primaryimage\",\"url\":\"https:\\\/\\\/llaollaoweb.live\\\/wp-content\\\/uploads\\\/2018\\\/12\\\/ecuador1.jpg\",\"contentUrl\":\"https:\\\/\\\/llaollaoweb.live\\\/wp-content\\\/uploads\\\/2018\\\/12\\\/ecuador1.jpg\",\"width\":640,\"height\":480,\"caption\":\"LLao Llao Ecuador\"},{\"@type\":\"BreadcrumbList\",\"@id\":\"https:\\\/\\\/llaollaoweb.live\\\/es\\\/en-llaollao-continuamos-nuestra-expansion-por-latinoamerica-y-abrimos-nuestra-primera-tienda-en-ecuador\\\/#breadcrumb\",\"itemListElement\":[{\"@type\":\"ListItem\",\"position\":1,\"name\":\"Portada\",\"item\":\"https:\\\/\\\/llaollaoweb.live\\\/es\\\/\"},{\"@type\":\"ListItem\",\"position\":2,\"name\":\"En llaollao\u00ae continuamos nuestra expansi\u00f3n por Latinoam\u00e9rica y abrimos nuestra primera tienda en Ecuador\"}]},{\"@type\":\"WebSite\",\"@id\":\"https:\\\/\\\/llaollaoweb.live\\\/es\\\/#website\",\"url\":\"https:\\\/\\\/llaollaoweb.live\\\/es\\\/\",\"name\":\"llaollao\",\"description\":\"Natural Frozen Yogurt.\",\"publisher\":{\"@id\":\"https:\\\/\\\/llaollaoweb.live\\\/es\\\/#organization\"},\"potentialAction\":[{\"@type\":\"SearchAction\",\"target\":{\"@type\":\"EntryPoint\",\"urlTemplate\":\"https:\\\/\\\/llaollaoweb.live\\\/es\\\/?s={search_term_string}\"},\"query-input\":{\"@type\":\"PropertyValueSpecification\",\"valueRequired\":true,\"valueName\":\"search_term_string\"}}],\"inLanguage\":\"es\"},{\"@type\":\"Organization\",\"@id\":\"https:\\\/\\\/llaollaoweb.live\\\/es\\\/#organization\",\"name\":\"llaollao\",\"url\":\"https:\\\/\\\/llaollaoweb.live\\\/es\\\/\",\"logo\":{\"@type\":\"ImageObject\",\"inLanguage\":\"es\",\"@id\":\"https:\\\/\\\/llaollaoweb.live\\\/es\\\/#\\\/schema\\\/logo\\\/image\\\/\",\"url\":\"https:\\\/\\\/llaollaoweb.live\\\/wp-content\\\/uploads\\\/2018\\\/11\\\/logo.png\",\"contentUrl\":\"https:\\\/\\\/llaollaoweb.live\\\/wp-content\\\/uploads\\\/2018\\\/11\\\/logo.png\",\"width\":190,\"height\":90,\"caption\":\"llaollao\"},\"image\":{\"@id\":\"https:\\\/\\\/llaollaoweb.live\\\/es\\\/#\\\/schema\\\/logo\\\/image\\\/\"},\"sameAs\":[\"https:\\\/\\\/www.facebook.com\\\/llaollao\",\"https:\\\/\\\/x.com\\\/llaollao\",\"https:\\\/\\\/www.instagram.com\\\/llaollao\\\/\",\"https:\\\/\\\/www.youtube.com\\\/user\\\/llaollaoYogurt\"]},{\"@type\":\"Person\",\"@id\":\"https:\\\/\\\/llaollaoweb.live\\\/es\\\/#\\\/schema\\\/person\\\/d4ea9ee9c9a2ac7e6a768cccaf5640e7\",\"name\":\"sozpic\",\"image\":{\"@type\":\"ImageObject\",\"inLanguage\":\"es\",\"@id\":\"https:\\\/\\\/secure.gravatar.com\\\/avatar\\\/802174aab1cbae5f218211cbaea57eb4ddf0cbee3ddd2bc207c0d1df17c296a2?s=96&d=mm&r=g\",\"url\":\"https:\\\/\\\/secure.gravatar.com\\\/avatar\\\/802174aab1cbae5f218211cbaea57eb4ddf0cbee3ddd2bc207c0d1df17c296a2?s=96&d=mm&r=g\",\"contentUrl\":\"https:\\\/\\\/secure.gravatar.com\\\/avatar\\\/802174aab1cbae5f218211cbaea57eb4ddf0cbee3ddd2bc207c0d1df17c296a2?s=96&d=mm&r=g\",\"caption\":\"sozpic\"}}]}<\/script>\n<!-- \/ Yoast SEO plugin. -->","yoast_head_json":{"title":"En llaollao\u00ae continuamos nuestra expansi\u00f3n por Latinoam\u00e9rica y abrimos nuestra primera tienda en Ecuador &#8211; llaollao","robots":{"index":"index","follow":"follow","max-snippet":"max-snippet:-1","max-image-preview":"max-image-preview:large","max-video-preview":"max-video-preview:-1"},"og_locale":"es_ES","og_type":"article","og_title":"En llaollao\u00ae continuamos nuestra expansi\u00f3n por Latinoam\u00e9rica y abrimos nuestra primera tienda en Ecuador &#8211; llaollao","og_description":"En\u00a0llaollao\u00a0seguimos de celebraci\u00f3n y en esta ocasi\u00f3n queremos presentar la incorporaci\u00f3n de un nuevo pa\u00eds a nuestra familia. Comenzamos el &hellip; Continue reading En llaollao\u00ae continuamos nuestra expansi\u00f3n por Latinoam\u00e9rica y abrimos nuestra primera tienda en Ecuador","og_url":"https:\/\/llaollaoweb.live\/es\/en-llaollao-continuamos-nuestra-expansion-por-latinoamerica-y-abrimos-nuestra-primera-tienda-en-ecuador\/","og_site_name":"llaollao","article_publisher":"https:\/\/www.facebook.com\/llaollao","article_published_time":"2018-02-02T15:30:20+00:00","article_modified_time":"2018-12-19T15:31:46+00:00","og_image":[{"width":640,"height":480,"url":"https:\/\/llaollaoweb.live\/wp-content\/uploads\/2018\/12\/ecuador1.jpg","type":"image\/jpeg"}],"author":"sozpic","twitter_card":"summary_large_image","twitter_creator":"@llaollao","twitter_site":"@llaollao","twitter_misc":{"Written by":"sozpic","Est. reading time":"1 minute"},"schema":{"@context":"https:\/\/schema.org","@graph":[{"@type":"Article","@id":"https:\/\/llaollaoweb.live\/es\/en-llaollao-continuamos-nuestra-expansion-por-latinoamerica-y-abrimos-nuestra-primera-tienda-en-ecuador\/#article","isPartOf":{"@id":"https:\/\/llaollaoweb.live\/es\/en-llaollao-continuamos-nuestra-expansion-por-latinoamerica-y-abrimos-nuestra-primera-tienda-en-ecuador\/"},"author":{"name":"sozpic","@id":"https:\/\/llaollaoweb.live\/es\/#\/schema\/person\/d4ea9ee9c9a2ac7e6a768cccaf5640e7"},"headline":"En llaollao\u00ae continuamos nuestra expansi\u00f3n por Latinoam\u00e9rica y abrimos nuestra primera tienda en Ecuador","datePublished":"2018-02-02T15:30:20+00:00","dateModified":"2018-12-19T15:31:46+00:00","mainEntityOfPage":{"@id":"https:\/\/llaollaoweb.live\/es\/en-llaollao-continuamos-nuestra-expansion-por-latinoamerica-y-abrimos-nuestra-primera-tienda-en-ecuador\/"},"wordCount":245,"commentCount":0,"publisher":{"@id":"https:\/\/llaollaoweb.live\/es\/#organization"},"image":{"@id":"https:\/\/llaollaoweb.live\/es\/en-llaollao-continuamos-nuestra-expansion-por-latinoamerica-y-abrimos-nuestra-primera-tienda-en-ecuador\/#primaryimage"},"thumbnailUrl":"https:\/\/llaollaoweb.live\/wp-content\/uploads\/2018\/12\/ecuador1.jpg","articleSection":["Sin categorizar"],"inLanguage":"es","potentialAction":[{"@type":"CommentAction","name":"Comment","target":["https:\/\/llaollaoweb.live\/es\/en-llaollao-continuamos-nuestra-expansion-por-latinoamerica-y-abrimos-nuestra-primera-tienda-en-ecuador\/#respond"]}]},{"@type":"WebPage","@id":"https:\/\/llaollaoweb.live\/es\/en-llaollao-continuamos-nuestra-expansion-por-latinoamerica-y-abrimos-nuestra-primera-tienda-en-ecuador\/","url":"https:\/\/llaollaoweb.live\/es\/en-llaollao-continuamos-nuestra-expansion-por-latinoamerica-y-abrimos-nuestra-primera-tienda-en-ecuador\/","name":"En llaollao\u00ae continuamos nuestra expansi\u00f3n por Latinoam\u00e9rica y abrimos nuestra primera tienda en Ecuador &#8211; llaollao","isPartOf":{"@id":"https:\/\/llaollaoweb.live\/es\/#website"},"primaryImageOfPage":{"@id":"https:\/\/llaollaoweb.live\/es\/en-llaollao-continuamos-nuestra-expansion-por-latinoamerica-y-abrimos-nuestra-primera-tienda-en-ecuador\/#primaryimage"},"image":{"@id":"https:\/\/llaollaoweb.live\/es\/en-llaollao-continuamos-nuestra-expansion-por-latinoamerica-y-abrimos-nuestra-primera-tienda-en-ecuador\/#primaryimage"},"thumbnailUrl":"https:\/\/llaollaoweb.live\/wp-content\/uploads\/2018\/12\/ecuador1.jpg","datePublished":"2018-02-02T15:30:20+00:00","dateModified":"2018-12-19T15:31:46+00:00","breadcrumb":{"@id":"https:\/\/llaollaoweb.live\/es\/en-llaollao-continuamos-nuestra-expansion-por-latinoamerica-y-abrimos-nuestra-primera-tienda-en-ecuador\/#breadcrumb"},"inLanguage":"es","potentialAction":[{"@type":"ReadAction","target":["https:\/\/llaollaoweb.live\/es\/en-llaollao-continuamos-nuestra-expansion-por-latinoamerica-y-abrimos-nuestra-primera-tienda-en-ecuador\/"]}]},{"@type":"ImageObject","inLanguage":"es","@id":"https:\/\/llaollaoweb.live\/es\/en-llaollao-continuamos-nuestra-expansion-por-latinoamerica-y-abrimos-nuestra-primera-tienda-en-ecuador\/#primaryimage","url":"https:\/\/llaollaoweb.live\/wp-content\/uploads\/2018\/12\/ecuador1.jpg","contentUrl":"https:\/\/llaollaoweb.live\/wp-content\/uploads\/2018\/12\/ecuador1.jpg","width":640,"height":480,"caption":"LLao Llao Ecuador"},{"@type":"BreadcrumbList","@id":"https:\/\/llaollaoweb.live\/es\/en-llaollao-continuamos-nuestra-expansion-por-latinoamerica-y-abrimos-nuestra-primera-tienda-en-ecuador\/#breadcrumb","itemListElement":[{"@type":"ListItem","position":1,"name":"Portada","item":"https:\/\/llaollaoweb.live\/es\/"},{"@type":"ListItem","position":2,"name":"En llaollao\u00ae continuamos nuestra expansi\u00f3n por Latinoam\u00e9rica y abrimos nuestra primera tienda en Ecuador"}]},{"@type":"WebSite","@id":"https:\/\/llaollaoweb.live\/es\/#website","url":"https:\/\/llaollaoweb.live\/es\/","name":"llaollao","description":"Natural Frozen Yogurt.","publisher":{"@id":"https:\/\/llaollaoweb.live\/es\/#organization"},"potentialAction":[{"@type":"SearchAction","target":{"@type":"EntryPoint","urlTemplate":"https:\/\/llaollaoweb.live\/es\/?s={search_term_string}"},"query-input":{"@type":"PropertyValueSpecification","valueRequired":true,"valueName":"search_term_string"}}],"inLanguage":"es"},{"@type":"Organization","@id":"https:\/\/llaollaoweb.live\/es\/#organization","name":"llaollao","url":"https:\/\/llaollaoweb.live\/es\/","logo":{"@type":"ImageObject","inLanguage":"es","@id":"https:\/\/llaollaoweb.live\/es\/#\/schema\/logo\/image\/","url":"https:\/\/llaollaoweb.live\/wp-content\/uploads\/2018\/11\/logo.png","contentUrl":"https:\/\/llaollaoweb.live\/wp-content\/uploads\/2018\/11\/logo.png","width":190,"height":90,"caption":"llaollao"},"image":{"@id":"https:\/\/llaollaoweb.live\/es\/#\/schema\/logo\/image\/"},"sameAs":["https:\/\/www.facebook.com\/llaollao","https:\/\/x.com\/llaollao","https:\/\/www.instagram.com\/llaollao\/","https:\/\/www.youtube.com\/user\/llaollaoYogurt"]},{"@type":"Person","@id":"https:\/\/llaollaoweb.live\/es\/#\/schema\/person\/d4ea9ee9c9a2ac7e6a768cccaf5640e7","name":"sozpic","image":{"@type":"ImageObject","inLanguage":"es","@id":"https:\/\/secure.gravatar.com\/avatar\/802174aab1cbae5f218211cbaea57eb4ddf0cbee3ddd2bc207c0d1df17c296a2?s=96&d=mm&r=g","url":"https:\/\/secure.gravatar.com\/avatar\/802174aab1cbae5f218211cbaea57eb4ddf0cbee3ddd2bc207c0d1df17c296a2?s=96&d=mm&r=g","contentUrl":"https:\/\/secure.gravatar.com\/avatar\/802174aab1cbae5f218211cbaea57eb4ddf0cbee3ddd2bc207c0d1df17c296a2?s=96&d=mm&r=g","caption":"sozpic"}}]}},"_links":{"self":[{"href":"https:\/\/llaollaoweb.live\/es\/wp-json\/wp\/v2\/posts\/3582","targetHints":{"allow":["GET"]}}],"collection":[{"href":"https:\/\/llaollaoweb.live\/es\/wp-json\/wp\/v2\/posts"}],"about":[{"href":"https:\/\/llaollaoweb.live\/es\/wp-json\/wp\/v2\/types\/post"}],"author":[{"embeddable":true,"href":"https:\/\/llaollaoweb.live\/es\/wp-json\/wp\/v2\/users\/1"}],"replies":[{"embeddable":true,"href":"https:\/\/llaollaoweb.live\/es\/wp-json\/wp\/v2\/comments?post=3582"}],"version-history":[{"count":1,"href":"https:\/\/llaollaoweb.live\/es\/wp-json\/wp\/v2\/posts\/3582\/revisions"}],"predecessor-version":[{"id":3591,"href":"https:\/\/llaollaoweb.live\/es\/wp-json\/wp\/v2\/posts\/3582\/revisions\/3591"}],"wp:featuredmedia":[{"embeddable":true,"href":"https:\/\/llaollaoweb.live\/es\/wp-json\/wp\/v2\/media\/3587"}],"wp:attachment":[{"href":"https:\/\/llaollaoweb.live\/es\/wp-json\/wp\/v2\/media?parent=3582"}],"wp:term":[{"taxonomy":"category","embeddable":true,"href":"https:\/\/llaollaoweb.live\/es\/wp-json\/wp\/v2\/categories?post=3582"},{"taxonomy":"post_tag","embeddable":true,"href":"https:\/\/llaollaoweb.live\/es\/wp-json\/wp\/v2\/tags?post=3582"}],"curies":[{"name":"wp","href":"https:\/\/api.w.org\/{rel}","templated":true}]}}